{"id":1994,"date":"2026-04-15T18:13:08","date_gmt":"2026-04-15T16:13:08","guid":{"rendered":"https:\/\/avenirs-esr.fr\/cofolio\/?p=1994"},"modified":"2026-04-15T18:13:08","modified_gmt":"2026-04-15T16:13:08","slug":"retours-sur-le-webinaire-cofolio-le-e-portfolio-avenirs-pour-lesr-episode-2-saison-1","status":"publish","type":"post","link":"https:\/\/avenirs-esr.fr\/cofolio\/2026\/04\/15\/retours-sur-le-webinaire-cofolio-le-e-portfolio-avenirs-pour-lesr-episode-2-saison-1\/","title":{"rendered":"Retours sur le Webinaire CoFolio : le e-portfolio AVENIR(s) pour l\u2019ESR Episode 2 Saison 1"},"content":{"rendered":"<p>[et_pb_section fb_built=\u00a0\u00bb1&Prime; _builder_version=\u00a0\u00bb4.27.5&Prime; _module_preset=\u00a0\u00bbdefault\u00a0\u00bb custom_margin=\u00a0\u00bb-8px||||false|false\u00a0\u00bb custom_padding=\u00a0\u00bb0px||||false|false\u00a0\u00bb da_disable_devices=\u00a0\u00bboff|off|off\u00a0\u00bb global_colors_info=\u00a0\u00bb{}\u00a0\u00bb da_is_popup=\u00a0\u00bboff\u00a0\u00bb da_exit_intent=\u00a0\u00bboff\u00a0\u00bb da_has_close=\u00a0\u00bbon\u00a0\u00bb da_alt_close=\u00a0\u00bboff\u00a0\u00bb da_dark_close=\u00a0\u00bboff\u00a0\u00bb da_not_modal=\u00a0\u00bbon\u00a0\u00bb da_is_singular=\u00a0\u00bboff\u00a0\u00bb da_with_loader=\u00a0\u00bboff\u00a0\u00bb da_has_shadow=\u00a0\u00bbon\u00a0\u00bb][et_pb_row _builder_version=\u00a0\u00bb4.27.5&Prime; _module_preset=\u00a0\u00bbdefault\u00a0\u00bb max_width=\u00a0\u00bb1400px\u00a0\u00bb global_colors_info=\u00a0\u00bb{}\u00a0\u00bb][et_pb_column type=\u00a0\u00bb4_4&Prime; _builder_version=\u00a0\u00bb4.27.5&Prime; _module_preset=\u00a0\u00bbdefault\u00a0\u00bb global_colors_info=\u00a0\u00bb{}\u00a0\u00bb][et_pb_text _builder_version=\u00a0\u00bb4.27.6&Prime; _module_preset=\u00a0\u00bbdefault\u00a0\u00bb hover_enabled=\u00a0\u00bb0&Prime; global_colors_info=\u00a0\u00bb{}\u00a0\u00bb sticky_enabled=\u00a0\u00bb0&Prime;]<\/p>\n<blockquote>\n<p>Merci \u00e0 toutes et tous pour votre participation nombreuse et la richesse des \u00e9changes lors de notre <strong>Webinaire CoFolio, un e-portfolio pour l\u2019ESR \u2013 Saison 1, \u00e9pisode 2 : \u00ab L<i>es avanc\u00e9es du programme AVENIR(s) et de son volet ESR sur le d\u00e9veloppement de <\/i><i>CoFolio <\/i>\u00bb !<\/strong><\/p>\n<\/blockquote>\n<p>Le volet ESR du programme AVENIR(s) France 2030 a r\u00e9cemment tenu le deuxi\u00e8me \u00e9pisode de sa s\u00e9rie de webinaires consacr\u00e9e \u00e0 CoFolio, la solution d&rsquo;e-portfolio souveraine et open source destin\u00e9e \u00e0 l&rsquo;enseignement sup\u00e9rieur. Co-anim\u00e9 par l\u2019\u00e9quipe projet, cet \u00e9v\u00e9nement a permis de faire le point sur le d\u00e9veloppement de l&rsquo;outil et les prochaines \u00e9tapes de son d\u00e9ploiement.<\/p>\n<h2>Un positionnement strat\u00e9gique pour la r\u00e9ussite \u00e9tudiante<\/h2>\n<p>Le programme AVENIR(s), pilot\u00e9 par l&rsquo;Universit\u00e9 Savoie Mont Blanc (USMB) pour son volet ESR, vise \u00e0 am\u00e9liorer l&rsquo;accompagnement des apprenants dans le d\u00e9veloppement de leurs comp\u00e9tences et la construction de leur projet de vie. CoFolio se positionne comme un outil public de r\u00e9f\u00e9rence, coconstruit par et pour l\u2019ESR via l&rsquo;association Esup-Portail.<br \/>Une plateforme h\u00e9berg\u00e9e souveraine (SaaS)<\/p>\n<p>Pour faciliter son adoption, CoFolio sera propos\u00e9 sous forme d&rsquo;offre h\u00e9berg\u00e9e centralement, mutualisant ainsi les co\u00fbts de maintenance pour les \u00e9tablissements. La plateforme sera op\u00e9r\u00e9e par le GIP FUN (France Universit\u00e9 Num\u00e9rique) sur une infrastructure s\u00e9curis\u00e9e et souveraine, garantissant la protection des donn\u00e9es des \u00e9tudiants en France.<\/p>\n<h2>Les objectifs de la version 1 (V1)<\/h2>\n<p>La premi\u00e8re version pilote, pr\u00e9vue pour la rentr\u00e9e d&rsquo;octobre 2026, se concentrera sur l&rsquo;onglet \u00ab\u00a0Construire mon projet de vie\u00a0\u00bb. Ses fonctionnalit\u00e9s cl\u00e9s incluent :<\/p>\n<ul>\n<li>L\u2019accompagnement \u00e0 la r\u00e9flexivit\u00e9 sur le parcours personnel, professionnel et citoyen et sur les comp\u00e9tences d\u00e9velopp\u00e9es par l&rsquo;apprenant ;<\/li>\n<li>La centralisation des traces, activit\u00e9s et exp\u00e9riences (curriculaires et extracurriculaires) accessibles par l&rsquo;apprenant tout au long de ses ann\u00e9es de formation et plusieurs ann\u00e9es apr\u00e8s ;<\/li>\n<li>La valorisation du parcours via des kits d&rsquo;export pour faciliter la cr\u00e9ation de CV ou de profils LinkedIn.<\/li>\n<\/ul>\n<h2>D\u00e9monstrations : du prototype \u00e0 la r\u00e9alit\u00e9<\/h2>\n<p>Le webinaire a \u00e9t\u00e9 l&rsquo;occasion de d\u00e9couvrir, via des d\u00e9monstrations sur prototypes Figma et sur la plateforme de recette, les parcours utilisateurs d\u00e9di\u00e9s \u00e0 l&rsquo;Approche par Comp\u00e9tences (APC) et au Projet de Vie (PDV). Les participants ont pu visualiser comment un \u00e9tudiant pourra suivre sa progression et comment les enseignants pourront cr\u00e9er des activit\u00e9s p\u00e9dagogiques directement dans l\u2019outil.<\/p>\n<h2>Comment rejoindre l&rsquo;aventure CoFolio ?<\/h2>\n<p>Le d\u00e9ploiement se fera de mani\u00e8re progressive jusqu&rsquo;\u00e0 une ouverture g\u00e9n\u00e9ralis\u00e9e pr\u00e9vue en 2028.<\/p>\n<ul>\n<li>Utilisateurs : Les \u00e9tablissements pourront adh\u00e9rer \u00e0 la communaut\u00e9 ESUP-Portail pour b\u00e9n\u00e9ficier de la solution et ensuite via une licence pour acc\u00e9der \u00e0 la solution CoFolio<\/li>\n<li>Partenaires : Le projet recherche activement des partenariats pour renforcer son \u00e9quipe de d\u00e9veloppement. Un mod\u00e8le \u00ab\u00a0gagnant-gagnant\u00a0\u00bb permet d&rsquo;accueillir un d\u00e9veloppeur financ\u00e9 par le programme au sein d&rsquo;un \u00e9tablissement partenaire.<\/li>\n<\/ul>\n<h2>Restons connect\u00e9s !<\/h2>\n<p>Pour suivre l&rsquo;actualit\u00e9 de CoFolio, un nouveau site d\u00e9di\u00e9 est d\u00e9sormais en ligne : <a href=\"https:\/\/avenirs-esr.fr\/cofolio\/\">avenirs-esr.fr\/cofolio<\/a>. Vous y retrouverez le d\u00e9tail des fonctionnalit\u00e9s au fil des avancements, la roadmap mise \u00e0 jour, \u00e0 termes des retours d\u2019exp\u00e9rience d\u00e8s que la V1 aura \u00e9t\u00e9 d\u00e9ploy\u00e9e, et les dates des prochains webinaires.<\/p>\n<p data-start=\"2404\" data-end=\"2484\" data-is-last-node=\"\" data-is-only-node=\"\"><strong>Merci encore pour votre engagement et votre contribution active \u00e0 ces \u00e9changes !<\/strong><\/p>\n<p>[\/et_pb_text][\/et_pb_column][\/et_pb_row][et_pb_row column_structure=\u00a0\u00bb3_4,1_4&Prime; _builder_version=\u00a0\u00bb4.27.6&Prime; _module_preset=\u00a0\u00bbdefault\u00a0\u00bb global_colors_info=\u00a0\u00bb{}\u00a0\u00bb][et_pb_column type=\u00a0\u00bb3_4&Prime; _builder_version=\u00a0\u00bb4.27.6&Prime; _module_preset=\u00a0\u00bbdefault\u00a0\u00bb global_colors_info=\u00a0\u00bb{}\u00a0\u00bb][et_pb_text _builder_version=\u00a0\u00bb4.27.6&Prime; _module_preset=\u00a0\u00bbdefault\u00a0\u00bb global_colors_info=\u00a0\u00bb{}\u00a0\u00bb]<\/p>\n<h2>Vid\u00e9o replay du webinaire<\/h2>\n<p>[\/et_pb_text][et_pb_code _builder_version=\u00a0\u00bb4.27.6&Prime; _module_preset=\u00a0\u00bbdefault\u00a0\u00bb hover_enabled=\u00a0\u00bb0&Prime; global_colors_info=\u00a0\u00bb{}\u00a0\u00bb sticky_enabled=\u00a0\u00bb0&Prime;]<iframe loading=\"lazy\" src=\"https:\/\/videos.esup-portail.org\/video\/1918-cofolios1ep02mp4\/?is_iframe=true\" width=\"100%\" height=\"450\" style=\"padding: 0; margin: 0; border:0\" allowfullscreen ><\/iframe>[\/et_pb_code][\/et_pb_column][et_pb_column type=\u00a0\u00bb1_4&Prime; _builder_version=\u00a0\u00bb4.27.6&Prime; _module_preset=\u00a0\u00bbdefault\u00a0\u00bb global_colors_info=\u00a0\u00bb{}\u00a0\u00bb][et_pb_text _builder_version=\u00a0\u00bb4.27.6&Prime; _module_preset=\u00a0\u00bbdefault\u00a0\u00bb hover_enabled=\u00a0\u00bb0&Prime; global_colors_info=\u00a0\u00bb{}\u00a0\u00bb sticky_enabled=\u00a0\u00bb0&Prime;]<\/p>\n<p><audio class=\"audio-for-speech\"><\/audio><\/p>\n<div class=\"translate-tooltip-mtz translator-hidden\">\n<div class=\"header\"><\/div>\n<\/div>\n<p><a href=\"https:\/\/avenirs-esr.fr\/cofolio\/wp-content\/uploads\/sites\/5\/2026\/04\/FINAL-2025.10.14_CoFolio_S1e02-liens.pdf\" rel=\"attachment wp-att-2197\" title=\"Support PDF du webinaire CoFolio Saison1 Episode 02\">T\u00e9l\u00e9charger le support du webinaire CoFolio Saison1 Episode 02<\/a> (PDF)<\/p>\n<p><a href=\"https:\/\/avenirs-esr.fr\/cofolio\/wp-content\/uploads\/sites\/5\/2026\/04\/FINAL-2025.10.14_CoFolio_S1e02-liens.pdf\" rel=\"attachment wp-att-2020\"><\/a><a href=\"https:\/\/avenirs-esr.fr\/cofolio\/wp-content\/uploads\/sites\/5\/2026\/04\/FINAL-2025.10.14_CoFolio_S1e02-liens.pdf\" title=\"Afficher le document PDF support du webinaire\"><img loading=\"lazy\" decoding=\"async\" src=\"https:\/\/avenirs-esr.fr\/cofolio\/wp-content\/uploads\/sites\/5\/2026\/04\/FINAL-2026.03.24_CoFolio_S1e02-couv-300x169.jpg\" width=\"300\" height=\"169\" alt=\"\" class=\"wp-image-2009 alignnone size-medium\" \/><\/a><\/p>\n<p>&nbsp;<\/p>\n<p>[\/et_pb_text][\/et_pb_column][\/et_pb_row][\/et_pb_section][et_pb_section fb_built=\u00a0\u00bb1&Prime; _builder_version=\u00a0\u00bb4.27.5&Prime; _module_preset=\u00a0\u00bbdefault\u00a0\u00bb custom_padding=\u00a0\u00bb19px||24px|||\u00a0\u00bb da_disable_devices=\u00a0\u00bboff|off|off\u00a0\u00bb border_width_top=\u00a0\u00bb1px\u00a0\u00bb border_color_top=\u00a0\u00bbrgba(0,0,0,0.09)\u00a0\u00bb border_width_bottom=\u00a0\u00bb1px\u00a0\u00bb border_color_bottom=\u00a0\u00bbrgba(0,0,0,0.1)\u00a0\u00bb global_module=\u00a0\u00bb68&Prime; saved_tabs=\u00a0\u00bball\u00a0\u00bb global_colors_info=\u00a0\u00bb{}\u00a0\u00bb da_is_popup=\u00a0\u00bboff\u00a0\u00bb da_exit_intent=\u00a0\u00bboff\u00a0\u00bb da_has_close=\u00a0\u00bbon\u00a0\u00bb da_alt_close=\u00a0\u00bboff\u00a0\u00bb da_dark_close=\u00a0\u00bboff\u00a0\u00bb da_not_modal=\u00a0\u00bbon\u00a0\u00bb da_is_singular=\u00a0\u00bboff\u00a0\u00bb da_with_loader=\u00a0\u00bboff\u00a0\u00bb da_has_shadow=\u00a0\u00bbon\u00a0\u00bb][et_pb_row column_structure=\u00a0\u00bb1_5,3_5,1_5&Prime; _builder_version=\u00a0\u00bb4.27.5&Prime; _module_preset=\u00a0\u00bbdefault\u00a0\u00bb max_width=\u00a0\u00bb2560px\u00a0\u00bb custom_margin=\u00a0\u00bb10px||||false|false\u00a0\u00bb custom_padding=\u00a0\u00bb||19px|||\u00a0\u00bb border_width_top=\u00a0\u00bb0px\u00a0\u00bb global_colors_info=\u00a0\u00bb{}\u00a0\u00bb][et_pb_column type=\u00a0\u00bb1_5&Prime; _builder_version=\u00a0\u00bb4.27.5&Prime; _module_preset=\u00a0\u00bbdefault\u00a0\u00bb global_colors_info=\u00a0\u00bb{}\u00a0\u00bb][et_pb_text _builder_version=\u00a0\u00bb4.27.5&Prime; _module_preset=\u00a0\u00bbdefault\u00a0\u00bb global_colors_info=\u00a0\u00bb{}\u00a0\u00bb]<\/p>\n<p><a href=\"https:\/\/avenirs-esr.fr\/cofolio\/wp-content\/uploads\/sites\/5\/2026\/01\/cofolio.svg\"><img decoding=\"async\" src=\"https:\/\/avenirs-esr.fr\/cofolio\/wp-content\/uploads\/sites\/5\/2026\/01\/cofolio.svg\" width=\"undefined\" height=\"undefined\" alt=\"logo CoFolio avec baseline D\u00e9velopper et valoriser les comp\u00e9tences e-portfolio AVENIR(s) ESR\" class=\"wp-image-162 aligncenter size-full\" \/><\/a><\/p>\n<p>[\/et_pb_text][\/et_pb_column][et_pb_column type=\u00a0\u00bb3_5&Prime; _builder_version=\u00a0\u00bb4.27.5&Prime; _module_preset=\u00a0\u00bbdefault\u00a0\u00bb global_colors_info=\u00a0\u00bb{}\u00a0\u00bb][et_pb_text _builder_version=\u00a0\u00bb4.27.5&Prime; _module_preset=\u00a0\u00bbdefault\u00a0\u00bb text_font_size=\u00a0\u00bb12px\u00a0\u00bb text_line_height=\u00a0\u00bb1.6em\u00a0\u00bb custom_margin=\u00a0\u00bb5px|||-14px||\u00a0\u00bb custom_padding=\u00a0\u00bb|27px||27px|false|true\u00a0\u00bb border_color_right=\u00a0\u00bbrgba(0,22,124,0.17)\u00a0\u00bb border_color_left=\u00a0\u00bbrgba(0,22,124,0.17)\u00a0\u00bb global_colors_info=\u00a0\u00bb{}\u00a0\u00bb]<\/p>\n<p><a href=\"https:\/\/avenirs-esr.fr\/cofolio\/wp-content\/uploads\/sites\/5\/2026\/01\/logosAnrFr2030Avenirsv2.png\"><img loading=\"lazy\" decoding=\"async\" src=\"https:\/\/avenirs-esr.fr\/cofolio\/wp-content\/uploads\/sites\/5\/2026\/01\/logosAnrFr2030Avenirsv2-1024x749.png\" width=\"248\" height=\"181\" alt=\"\" class=\"wp-image-160 alignleft size-large\" \/><\/a><a href=\"https:\/\/avenirs-esr.fr\/cofolio\/wp-content\/uploads\/sites\/5\/2026\/01\/logosAnrFr2030Avenis.png\"><\/a>Le d\u00e9veloppement de l&rsquo;application CoFolio a \u00e9t\u00e9 r\u00e9alis\u00e9 dans le cadre du Programme AVENIR(s) France 2030. Ce travail a b\u00e9n\u00e9fici\u00e9 d&rsquo;une aide de l\u2019\u00c9tat g\u00e9r\u00e9e par l&rsquo;Agence Nationale de la Recherche au titre du programme d\u2019investissements d\u2019avenir int\u00e9gr\u00e9 \u00e0 France 2030, portant la r\u00e9f\u00e9rence ANR-21-DMAV-0001<\/p>\n<p>[\/et_pb_text][\/et_pb_column][et_pb_column type=\u00a0\u00bb1_5&Prime; _builder_version=\u00a0\u00bb4.27.5&Prime; _module_preset=\u00a0\u00bbdefault\u00a0\u00bb global_colors_info=\u00a0\u00bb{}\u00a0\u00bb][et_pb_text _builder_version=\u00a0\u00bb4.27.5&Prime; _module_preset=\u00a0\u00bbdefault\u00a0\u00bb text_font_size=\u00a0\u00bb12px\u00a0\u00bb text_line_height=\u00a0\u00bb1.4em\u00a0\u00bb global_colors_info=\u00a0\u00bb{}\u00a0\u00bb]<a href=\"https:\/\/avenirs-esr.fr\/cofolio\/wp-content\/uploads\/sites\/5\/2026\/01\/logo-esup-portail.svg\"><img loading=\"lazy\" decoding=\"async\" src=\"https:\/\/avenirs-esr.fr\/cofolio\/wp-content\/uploads\/sites\/5\/2026\/01\/logo-esup-portail.svg\" width=\"132\" height=\"55\" alt=\"\" class=\"wp-image-67 alignleft size-full\" \/><\/a><\/p>\n<p>&nbsp;<\/p>\n<p>&nbsp;<\/p>\n<p>D\u00e9velopp\u00e9 par l&rsquo;association Esup-portail \u00e0 travers ses membres.<\/p>\n<p>CoFolio sera disponible en offre SAAS \u00e0 partir de 2028.[\/et_pb_text][\/et_pb_column][\/et_pb_row][\/et_pb_section][et_pb_section fb_built=\u00a0\u00bb1&Prime; _builder_version=\u00a0\u00bb4.27.5&Prime; _module_preset=\u00a0\u00bbdefault\u00a0\u00bb custom_padding=\u00a0\u00bb16px||7px|||\u00a0\u00bb da_disable_devices=\u00a0\u00bboff|off|off\u00a0\u00bb global_module=\u00a0\u00bb201&Prime; saved_tabs=\u00a0\u00bball\u00a0\u00bb global_colors_info=\u00a0\u00bb{}\u00a0\u00bb da_is_popup=\u00a0\u00bboff\u00a0\u00bb da_exit_intent=\u00a0\u00bboff\u00a0\u00bb da_has_close=\u00a0\u00bbon\u00a0\u00bb da_alt_close=\u00a0\u00bboff\u00a0\u00bb da_dark_close=\u00a0\u00bboff\u00a0\u00bb da_not_modal=\u00a0\u00bbon\u00a0\u00bb da_is_singular=\u00a0\u00bboff\u00a0\u00bb da_with_loader=\u00a0\u00bboff\u00a0\u00bb da_has_shadow=\u00a0\u00bbon\u00a0\u00bb][et_pb_row _builder_version=\u00a0\u00bb4.27.5&Prime; _module_preset=\u00a0\u00bbdefault\u00a0\u00bb width=\u00a0\u00bb100%\u00a0\u00bb max_width=\u00a0\u00bb2228px\u00a0\u00bb custom_padding=\u00a0\u00bb18px||16px|||\u00a0\u00bb global_colors_info=\u00a0\u00bb{}\u00a0\u00bb][et_pb_column type=\u00a0\u00bb4_4&Prime; _builder_version=\u00a0\u00bb4.27.5&Prime; _module_preset=\u00a0\u00bbdefault\u00a0\u00bb global_colors_info=\u00a0\u00bb{}\u00a0\u00bb][et_pb_text _builder_version=\u00a0\u00bb4.27.5&Prime; _module_preset=\u00a0\u00bbdefault\u00a0\u00bb text_orientation=\u00a0\u00bbcenter\u00a0\u00bb global_colors_info=\u00a0\u00bb{}\u00a0\u00bb]<\/p>\n<p>Site officiel de la solution <strong>e-portfolio CoFolio<\/strong> I Design <strong>USMB<\/strong> 2026\u00a0<\/p>\n<p>[\/et_pb_text][\/et_pb_column][\/et_pb_row][\/et_pb_section]<\/p>\n","protected":false},"excerpt":{"rendered":"<p>Merci \u00e0 toutes et tous pour votre participation nombreuse et la richesse des \u00e9changes lors de notre Webinaire CoFolio, un e-portfolio pour l\u2019ESR \u2013 Saison 1, \u00e9pisode 2 : \u00ab Les avanc\u00e9es du programme AVENIR(s) et de son volet ESR sur le d\u00e9veloppement de CoFolio \u00bb ! Le volet ESR du programme AVENIR(s) France 2030 [&hellip;]<\/p>\n","protected":false},"author":9,"featured_media":1996,"comment_status":"open","ping_status":"open","sticky":false,"template":"","format":"standard","meta":{"_et_pb_use_builder":"on","_et_pb_old_content":"","_et_gb_content_width":"2880","footnotes":""},"categories":[18],"tags":[],"class_list":["post-1994","post","type-post","status-publish","format-standard","has-post-thumbnail","hentry","category-alaune"],"aioseo_notices":[],"_links":{"self":[{"href":"https:\/\/avenirs-esr.fr\/cofolio\/wp-json\/wp\/v2\/posts\/1994","targetHints":{"allow":["GET"]}}],"collection":[{"href":"https:\/\/avenirs-esr.fr\/cofolio\/wp-json\/wp\/v2\/posts"}],"about":[{"href":"https:\/\/avenirs-esr.fr\/cofolio\/wp-json\/wp\/v2\/types\/post"}],"author":[{"embeddable":true,"href":"https:\/\/avenirs-esr.fr\/cofolio\/wp-json\/wp\/v2\/users\/9"}],"replies":[{"embeddable":true,"href":"https:\/\/avenirs-esr.fr\/cofolio\/wp-json\/wp\/v2\/comments?post=1994"}],"version-history":[{"count":12,"href":"https:\/\/avenirs-esr.fr\/cofolio\/wp-json\/wp\/v2\/posts\/1994\/revisions"}],"predecessor-version":[{"id":2025,"href":"https:\/\/avenirs-esr.fr\/cofolio\/wp-json\/wp\/v2\/posts\/1994\/revisions\/2025"}],"wp:featuredmedia":[{"embeddable":true,"href":"https:\/\/avenirs-esr.fr\/cofolio\/wp-json\/wp\/v2\/media\/1996"}],"wp:attachment":[{"href":"https:\/\/avenirs-esr.fr\/cofolio\/wp-json\/wp\/v2\/media?parent=1994"}],"wp:term":[{"taxonomy":"category","embeddable":true,"href":"https:\/\/avenirs-esr.fr\/cofolio\/wp-json\/wp\/v2\/categories?post=1994"},{"taxonomy":"post_tag","embeddable":true,"href":"https:\/\/avenirs-esr.fr\/cofolio\/wp-json\/wp\/v2\/tags?post=1994"}],"curies":[{"name":"wp","href":"https:\/\/api.w.org\/{rel}","templated":true}]}}